{"id":443,"date":"2019-01-08T14:56:46","date_gmt":"2019-01-08T14:56:46","guid":{"rendered":"http:\/\/ld-wp.template-help.com\/wordpress_prod-22230\/v2\/?p=443"},"modified":"2023-04-10T13:44:06","modified_gmt":"2023-04-10T13:44:06","slug":"calcada_de_sao_vicente_42_48","status":"publish","type":"post","link":"https:\/\/lrvadvogados.pt\/en\/calcada_de_sao_vicente_42_48\/","title":{"rendered":"Cal\u00e7ada de S\u00e3o Vicente 42-48"},"content":{"rendered":"<div data-elementor-type=\"wp-post\" data-elementor-id=\"443\" class=\"elementor elementor-443\" data-elementor-post-type=\"post\">\n\t\t\t\t\t\t<section class=\"elementor-section elementor-top-section elementor-element elementor-element-1a3f303 elementor-section-boxed elementor-section-height-default elementor-section-height-default\" data-id=\"1a3f303\" data-element_type=\"section\" data-e-type=\"section\">\n\t\t\t\t\t\t<div class=\"elementor-container elementor-column-gap-default\">\n\t\t\t\t\t<div class=\"elementor-column elementor-col-100 elementor-top-column elementor-element elementor-element-2534a25\" data-id=\"2534a25\" data-element_type=\"column\" data-e-type=\"column\">\n\t\t\t<div class=\"elementor-widget-wrap elementor-element-populated\">\n\t\t\t\t\t\t<div class=\"elementor-element elementor-element-8e93036 elementor-widget elementor-widget-heading\" data-id=\"8e93036\" data-element_type=\"widget\" data-e-type=\"widget\" data-widget_type=\"heading.default\">\n\t\t\t\t<div class=\"elementor-widget-container\">\n\t\t\t\t\t<h2 class=\"elementor-heading-title elementor-size-default\">Cal\u00e7ada de S\u00e3o Vicente 42-48<\/h2>\t\t\t\t<\/div>\n\t\t\t\t<\/div>\n\t\t\t\t<div class=\"elementor-element elementor-element-68baad8 elementor-widget elementor-widget-text-editor\" data-id=\"68baad8\" data-element_type=\"widget\" data-e-type=\"widget\" data-widget_type=\"text-editor.default\">\n\t\t\t\t<div class=\"elementor-widget-container\">\n\t\t\t\t\t\t\t\t\t<ul><li style=\"text-align: left;\"><p>Processo de Obras de Reabilita\u00e7\u00e3o do Edifico;<\/p><\/li><li style=\"text-align: left;\"><p>Tax Benefit Recognition Process;<\/p><\/li><\/ul>\t\t\t\t\t\t\t\t<\/div>\n\t\t\t\t<\/div>\n\t\t\t\t\t<\/div>\n\t\t<\/div>\n\t\t\t\t\t<\/div>\n\t\t<\/section>\n\t\t\t\t<section class=\"elementor-section elementor-top-section elementor-element elementor-element-1239c65 elementor-section-boxed elementor-section-height-default elementor-section-height-default\" data-id=\"1239c65\" data-element_type=\"section\" data-e-type=\"section\">\n\t\t\t\t\t\t<div class=\"elementor-container elementor-column-gap-default\">\n\t\t\t\t\t<div class=\"elementor-column elementor-col-100 elementor-top-column elementor-element elementor-element-bc51eff\" data-id=\"bc51eff\" data-element_type=\"column\" data-e-type=\"column\">\n\t\t\t<div class=\"elementor-widget-wrap elementor-element-populated\">\n\t\t\t\t\t\t<div class=\"elementor-element elementor-element-c53e90d elementor-widget elementor-widget-image-gallery\" data-id=\"c53e90d\" data-element_type=\"widget\" data-e-type=\"widget\" data-widget_type=\"image-gallery.default\">\n\t\t\t\t<div class=\"elementor-widget-container\">\n\t\t\t\t\t\t\t<div class=\"elementor-image-gallery\">\n\t\t\t<div id='gallery-1' class='gallery galleryid-443 gallery-columns-2 gallery-size-large'><figure class='gallery-item'>\n\t\t\t<div class='gallery-icon portrait'>\n\t\t\t\t<a data-elementor-open-lightbox=\"no\" href='https:\/\/lrvadvogados.pt\/wp-content\/uploads\/2019\/01\/07-scaled.jpg'><img fetchpriority=\"high\" decoding=\"async\" width=\"665\" height=\"1024\" src=\"https:\/\/lrvadvogados.pt\/wp-content\/uploads\/2019\/01\/07-665x1024.jpg\" class=\"attachment-large size-large\" alt=\"\" srcset=\"https:\/\/lrvadvogados.pt\/wp-content\/uploads\/2019\/01\/07-665x1024.jpg 665w, https:\/\/lrvadvogados.pt\/wp-content\/uploads\/2019\/01\/07-195x300.jpg 195w, https:\/\/lrvadvogados.pt\/wp-content\/uploads\/2019\/01\/07-768x1183.jpg 768w, https:\/\/lrvadvogados.pt\/wp-content\/uploads\/2019\/01\/07-997x1536.jpg 997w, https:\/\/lrvadvogados.pt\/wp-content\/uploads\/2019\/01\/07-1329x2048.jpg 1329w, https:\/\/lrvadvogados.pt\/wp-content\/uploads\/2019\/01\/07-600x924.jpg 600w, https:\/\/lrvadvogados.pt\/wp-content\/uploads\/2019\/01\/07-scaled.jpg 1661w\" sizes=\"(max-width: 665px) 100vw, 665px\" \/><\/a>\n\t\t\t<\/div><\/figure><figure class='gallery-item'>\n\t\t\t<div class='gallery-icon portrait'>\n\t\t\t\t<a data-elementor-open-lightbox=\"no\" href='https:\/\/lrvadvogados.pt\/wp-content\/uploads\/2019\/01\/08-scaled.jpg'><img decoding=\"async\" width=\"683\" height=\"1024\" src=\"https:\/\/lrvadvogados.pt\/wp-content\/uploads\/2019\/01\/08-683x1024.jpg\" class=\"attachment-large size-large\" alt=\"\" srcset=\"https:\/\/lrvadvogados.pt\/wp-content\/uploads\/2019\/01\/08-683x1024.jpg 683w, https:\/\/lrvadvogados.pt\/wp-content\/uploads\/2019\/01\/08-200x300.jpg 200w, https:\/\/lrvadvogados.pt\/wp-content\/uploads\/2019\/01\/08-768x1152.jpg 768w, https:\/\/lrvadvogados.pt\/wp-content\/uploads\/2019\/01\/08-1024x1536.jpg 1024w, https:\/\/lrvadvogados.pt\/wp-content\/uploads\/2019\/01\/08-1366x2048.jpg 1366w, https:\/\/lrvadvogados.pt\/wp-content\/uploads\/2019\/01\/08-600x900.jpg 600w, https:\/\/lrvadvogados.pt\/wp-content\/uploads\/2019\/01\/08-scaled.jpg 1707w\" sizes=\"(max-width: 683px) 100vw, 683px\" \/><\/a>\n\t\t\t<\/div><\/figure>\n\t\t<\/div>\n\t\t<\/div>\n\t\t\t\t\t\t<\/div>\n\t\t\t\t<\/div>\n\t\t\t\t\t<\/div>\n\t\t<\/div>\n\t\t\t\t\t<\/div>\n\t\t<\/section>\n\t\t\t\t<section class=\"elementor-section elementor-top-section elementor-element elementor-element-2184d5b elementor-section-boxed elementor-section-height-default elementor-section-height-default\" data-id=\"2184d5b\" data-element_type=\"section\" data-e-type=\"section\">\n\t\t\t\t\t\t<div class=\"elementor-container elementor-column-gap-default\">\n\t\t\t\t\t<div class=\"elementor-column elementor-col-100 elementor-top-column elementor-element elementor-element-87ba117\" data-id=\"87ba117\" data-element_type=\"column\" data-e-type=\"column\">\n\t\t\t<div class=\"elementor-widget-wrap\">\n\t\t\t\t\t\t\t<\/div>\n\t\t<\/div>\n\t\t\t\t\t<\/div>\n\t\t<\/section>\n\t\t\t\t<\/div>","protected":false},"excerpt":{"rendered":"<p>Cal\u00e7ada de S\u00e3o Vicente 42-48 Processo de Obras de Reabilita\u00e7\u00e3o do Edifico; Processo de Reconhecimento de Benef\u00edcios Fiscais; &#8220;,&#8221;nextArrow&#8221;:&#8221;&#8220;,&#8221;autoplay&#8221;:false,&#8221;autoplaySpeed&#8221;:5000,&#8221;rtl&#8221;:false}&#8217; dir=&#8221;ltr&#8221;> Adega Gran Cruz Rua Vitor Cordon Rua dos Lagares Rua dos Bacalhoeiros Rua Augusta 170<\/p>","protected":false},"author":4,"featured_media":1606,"comment_status":"closed","ping_status":"closed","sticky":false,"template":"elementor_header_footer","format":"standard","meta":{"footnotes":""},"categories":[10],"tags":[],"class_list":["post-443","post","type-post","status-publish","format-standard","has-post-thumbnail","hentry","category-projetos"],"_links":{"self":[{"href":"https:\/\/lrvadvogados.pt\/en\/wp-json\/wp\/v2\/posts\/443","targetHints":{"allow":["GET"]}}],"collection":[{"href":"https:\/\/lrvadvogados.pt\/en\/wp-json\/wp\/v2\/posts"}],"about":[{"href":"https:\/\/lrvadvogados.pt\/en\/wp-json\/wp\/v2\/types\/post"}],"author":[{"embeddable":true,"href":"https:\/\/lrvadvogados.pt\/en\/wp-json\/wp\/v2\/users\/4"}],"replies":[{"embeddable":true,"href":"https:\/\/lrvadvogados.pt\/en\/wp-json\/wp\/v2\/comments?post=443"}],"version-history":[{"count":11,"href":"https:\/\/lrvadvogados.pt\/en\/wp-json\/wp\/v2\/posts\/443\/revisions"}],"predecessor-version":[{"id":2197,"href":"https:\/\/lrvadvogados.pt\/en\/wp-json\/wp\/v2\/posts\/443\/revisions\/2197"}],"wp:featuredmedia":[{"embeddable":true,"href":"https:\/\/lrvadvogados.pt\/en\/wp-json\/wp\/v2\/media\/1606"}],"wp:attachment":[{"href":"https:\/\/lrvadvogados.pt\/en\/wp-json\/wp\/v2\/media?parent=443"}],"wp:term":[{"taxonomy":"category","embeddable":true,"href":"https:\/\/lrvadvogados.pt\/en\/wp-json\/wp\/v2\/categories?post=443"},{"taxonomy":"post_tag","embeddable":true,"href":"https:\/\/lrvadvogados.pt\/en\/wp-json\/wp\/v2\/tags?post=443"}],"curies":[{"name":"wp","href":"https:\/\/api.w.org\/{rel}","templated":true}]}}