{"id":1812,"date":"2022-11-22T10:08:09","date_gmt":"2022-11-22T10:08:09","guid":{"rendered":"https:\/\/lrvadvogados.pt\/?p=1812"},"modified":"2024-03-14T11:02:43","modified_gmt":"2024-03-14T11:02:43","slug":"adega-gran-cruz","status":"publish","type":"post","link":"https:\/\/lrvadvogados.pt\/en\/adega-gran-cruz\/","title":{"rendered":"Adega Gran Cruz"},"content":{"rendered":"<div data-elementor-type=\"wp-post\" data-elementor-id=\"1812\" class=\"elementor elementor-1812\" data-elementor-post-type=\"post\">\n\t\t\t\t\t\t<section class=\"elementor-section elementor-top-section elementor-element elementor-element-7514745 elementor-section-boxed elementor-section-height-default elementor-section-height-default\" data-id=\"7514745\" data-element_type=\"section\" data-e-type=\"section\">\n\t\t\t\t\t\t<div class=\"elementor-container elementor-column-gap-default\">\n\t\t\t\t\t<div class=\"elementor-column elementor-col-50 elementor-top-column elementor-element elementor-element-b8df5ac\" data-id=\"b8df5ac\" data-element_type=\"column\" data-e-type=\"column\">\n\t\t\t<div class=\"elementor-widget-wrap elementor-element-populated\">\n\t\t\t\t\t\t<div class=\"elementor-element elementor-element-40aa9f1 elementor-widget elementor-widget-heading\" data-id=\"40aa9f1\" data-element_type=\"widget\" data-e-type=\"widget\" data-widget_type=\"heading.default\">\n\t\t\t\t<div class=\"elementor-widget-container\">\n\t\t\t\t\t<h2 class=\"elementor-heading-title elementor-size-default\">Adega Gran Cruz<\/h2>\t\t\t\t<\/div>\n\t\t\t\t<\/div>\n\t\t\t\t<div class=\"elementor-element elementor-element-ca6c1c6 elementor-widget elementor-widget-text-editor\" data-id=\"ca6c1c6\" data-element_type=\"widget\" data-e-type=\"widget\" data-widget_type=\"text-editor.default\">\n\t\t\t\t<div class=\"elementor-widget-container\">\n\t\t\t\t\t\t\t\t\t<p>The wine cellar and the logistic storage center of the\u00a0<em>Gran Cruz\u00a0<\/em>are located in the Douro demarcated region, world heritage of\u00a0<em>UNESCO<\/em>.<\/p><p>Process of recovering land in a degraded landscape area, with the construction of a cellar dedicated to the vinification and storage of Douro and Port wine, with recognition of public interest by the City Council.<\/p>\t\t\t\t\t\t\t\t<\/div>\n\t\t\t\t<\/div>\n\t\t\t\t\t<\/div>\n\t\t<\/div>\n\t\t\t\t<div class=\"elementor-column elementor-col-50 elementor-top-column elementor-element elementor-element-80f8be0\" data-id=\"80f8be0\" data-element_type=\"column\" data-e-type=\"column\">\n\t\t\t<div class=\"elementor-widget-wrap elementor-element-populated\">\n\t\t\t\t\t\t<div class=\"elementor-element elementor-element-20b999f elementor-widget elementor-widget-image\" data-id=\"20b999f\" data-element_type=\"widget\" data-e-type=\"widget\" data-widget_type=\"image.default\">\n\t\t\t\t<div class=\"elementor-widget-container\">\n\t\t\t\t\t\t\t\t\t\t\t\t\t\t\t<img fetchpriority=\"high\" decoding=\"async\" width=\"427\" height=\"343\" src=\"https:\/\/lrvadvogados.pt\/wp-content\/uploads\/2022\/11\/01_edit.jpg\" class=\"attachment-large size-large wp-image-1813\" alt=\"\" srcset=\"https:\/\/lrvadvogados.pt\/wp-content\/uploads\/2022\/11\/01_edit.jpg 427w, https:\/\/lrvadvogados.pt\/wp-content\/uploads\/2022\/11\/01_edit-300x241.jpg 300w\" sizes=\"(max-width: 427px) 100vw, 427px\" \/>\t\t\t\t\t\t\t\t\t\t\t\t\t\t\t<\/div>\n\t\t\t\t<\/div>\n\t\t\t\t\t<\/div>\n\t\t<\/div>\n\t\t\t\t\t<\/div>\n\t\t<\/section>\n\t\t\t\t<section class=\"elementor-section elementor-top-section elementor-element elementor-element-a4446d9 elementor-section-boxed elementor-section-height-default elementor-section-height-default\" data-id=\"a4446d9\" data-element_type=\"section\" data-e-type=\"section\">\n\t\t\t\t\t\t<div class=\"elementor-container elementor-column-gap-default\">\n\t\t\t\t\t<div class=\"elementor-column elementor-col-100 elementor-top-column elementor-element elementor-element-848826c\" data-id=\"848826c\" data-element_type=\"column\" data-e-type=\"column\">\n\t\t\t<div class=\"elementor-widget-wrap\">\n\t\t\t\t\t\t\t<\/div>\n\t\t<\/div>\n\t\t\t\t\t<\/div>\n\t\t<\/section>\n\t\t\t\t<\/div>","protected":false},"excerpt":{"rendered":"<p>Adega Gran Cruz A adega e o centro log\u00edstico de armazenagem da&nbsp;Gran Cruz&nbsp;est\u00e3o localizadas na regi\u00e3o demarcada do Douro, patrim\u00f3nio mundial da&nbsp;UNESCO. Processo de recupera\u00e7\u00e3o de um terreno numa \u00e1rea paisagisticamente degradada, com a constru\u00e7\u00e3o de uma Adega vocacionada para a vinifica\u00e7\u00e3o e armazenamento do vinho do Douro e Porto, com reconhecimento de interesse p\u00fablico [&hellip;]<\/p>\n","protected":false},"author":4,"featured_media":1813,"comment_status":"closed","ping_status":"closed","sticky":false,"template":"elementor_header_footer","format":"standard","meta":{"footnotes":""},"categories":[10],"tags":[],"class_list":["post-1812","post","type-post","status-publish","format-standard","has-post-thumbnail","hentry","category-projetos"],"_links":{"self":[{"href":"https:\/\/lrvadvogados.pt\/en\/wp-json\/wp\/v2\/posts\/1812","targetHints":{"allow":["GET"]}}],"collection":[{"href":"https:\/\/lrvadvogados.pt\/en\/wp-json\/wp\/v2\/posts"}],"about":[{"href":"https:\/\/lrvadvogados.pt\/en\/wp-json\/wp\/v2\/types\/post"}],"author":[{"embeddable":true,"href":"https:\/\/lrvadvogados.pt\/en\/wp-json\/wp\/v2\/users\/4"}],"replies":[{"embeddable":true,"href":"https:\/\/lrvadvogados.pt\/en\/wp-json\/wp\/v2\/comments?post=1812"}],"version-history":[{"count":18,"href":"https:\/\/lrvadvogados.pt\/en\/wp-json\/wp\/v2\/posts\/1812\/revisions"}],"predecessor-version":[{"id":2304,"href":"https:\/\/lrvadvogados.pt\/en\/wp-json\/wp\/v2\/posts\/1812\/revisions\/2304"}],"wp:featuredmedia":[{"embeddable":true,"href":"https:\/\/lrvadvogados.pt\/en\/wp-json\/wp\/v2\/media\/1813"}],"wp:attachment":[{"href":"https:\/\/lrvadvogados.pt\/en\/wp-json\/wp\/v2\/media?parent=1812"}],"wp:term":[{"taxonomy":"category","embeddable":true,"href":"https:\/\/lrvadvogados.pt\/en\/wp-json\/wp\/v2\/categories?post=1812"},{"taxonomy":"post_tag","embeddable":true,"href":"https:\/\/lrvadvogados.pt\/en\/wp-json\/wp\/v2\/tags?post=1812"}],"curies":[{"name":"wp","href":"https:\/\/api.w.org\/{rel}","templated":true}]}}