{"id":1716,"date":"2022-09-12T14:12:56","date_gmt":"2022-09-12T14:12:56","guid":{"rendered":"https:\/\/lrvadvogados.pt\/?p=1716"},"modified":"2023-04-10T13:38:13","modified_gmt":"2023-04-10T13:38:13","slug":"rua-augusta-170","status":"publish","type":"post","link":"https:\/\/lrvadvogados.pt\/en\/rua-augusta-170\/","title":{"rendered":"Rua Augusta 170"},"content":{"rendered":"<div data-elementor-type=\"wp-post\" data-elementor-id=\"1716\" class=\"elementor elementor-1716\" data-elementor-post-type=\"post\">\n\t\t\t\t\t\t<section class=\"elementor-section elementor-top-section elementor-element elementor-element-b951921 elementor-section-boxed elementor-section-height-default elementor-section-height-default\" data-id=\"b951921\" data-element_type=\"section\" data-e-type=\"section\">\n\t\t\t\t\t\t<div class=\"elementor-container elementor-column-gap-default\">\n\t\t\t\t\t<div class=\"elementor-column elementor-col-50 elementor-top-column elementor-element elementor-element-35b73b9\" data-id=\"35b73b9\" data-element_type=\"column\" data-e-type=\"column\">\n\t\t\t<div class=\"elementor-widget-wrap elementor-element-populated\">\n\t\t\t\t\t\t<div class=\"elementor-element elementor-element-464aa19 elementor-widget elementor-widget-heading\" data-id=\"464aa19\" data-element_type=\"widget\" data-e-type=\"widget\" data-widget_type=\"heading.default\">\n\t\t\t\t<div class=\"elementor-widget-container\">\n\t\t\t\t\t<h2 class=\"elementor-heading-title elementor-size-default\">Rua Augusta 170 a 182<\/h2>\t\t\t\t<\/div>\n\t\t\t\t<\/div>\n\t\t\t\t<div class=\"elementor-element elementor-element-2329faa elementor-widget elementor-widget-text-editor\" data-id=\"2329faa\" data-element_type=\"widget\" data-e-type=\"widget\" data-widget_type=\"text-editor.default\">\n\t\t\t\t<div class=\"elementor-widget-container\">\n\t\t\t\t\t\t\t\t\t<p>O edif\u00edcio em quest\u00e3o localiza-se sensivelmente a meio do terceiro quarteir\u00e3o a contar do Rossio<\/p><ul><li>Alteration and Rehabilitation Works Process;<\/li><li>Tax Benefit Recognition Process;<\/li><li>Processo de Despejo extrajudicial de inquilinos.<\/li><\/ul>\t\t\t\t\t\t\t\t<\/div>\n\t\t\t\t<\/div>\n\t\t\t\t\t<\/div>\n\t\t<\/div>\n\t\t\t\t<div class=\"elementor-column elementor-col-50 elementor-top-column elementor-element elementor-element-1750387\" data-id=\"1750387\" data-element_type=\"column\" data-e-type=\"column\">\n\t\t\t<div class=\"elementor-widget-wrap elementor-element-populated\">\n\t\t\t\t\t\t<div class=\"elementor-element elementor-element-e90ee68 elementor-widget elementor-widget-image-gallery\" data-id=\"e90ee68\" data-element_type=\"widget\" data-e-type=\"widget\" data-widget_type=\"image-gallery.default\">\n\t\t\t\t<div class=\"elementor-widget-container\">\n\t\t\t\t\t\t\t<div class=\"elementor-image-gallery\">\n\t\t\t\n<a data-elementor-open-lightbox=\"no\" href='https:\/\/lrvadvogados.pt\/wp-content\/uploads\/2022\/09\/50-scaled.jpg'><img fetchpriority=\"high\" decoding=\"async\" width=\"683\" height=\"1024\" src=\"https:\/\/lrvadvogados.pt\/wp-content\/uploads\/2022\/09\/50-683x1024.jpg\" class=\"attachment-large size-large\" alt=\"\" srcset=\"https:\/\/lrvadvogados.pt\/wp-content\/uploads\/2022\/09\/50-683x1024.jpg 683w, https:\/\/lrvadvogados.pt\/wp-content\/uploads\/2022\/09\/50-200x300.jpg 200w, https:\/\/lrvadvogados.pt\/wp-content\/uploads\/2022\/09\/50-768x1152.jpg 768w, https:\/\/lrvadvogados.pt\/wp-content\/uploads\/2022\/09\/50-1024x1536.jpg 1024w, https:\/\/lrvadvogados.pt\/wp-content\/uploads\/2022\/09\/50-1366x2048.jpg 1366w, https:\/\/lrvadvogados.pt\/wp-content\/uploads\/2022\/09\/50-600x900.jpg 600w, https:\/\/lrvadvogados.pt\/wp-content\/uploads\/2022\/09\/50-scaled.jpg 1707w\" sizes=\"(max-width: 683px) 100vw, 683px\" \/><\/a>\n<a data-elementor-open-lightbox=\"no\" href='https:\/\/lrvadvogados.pt\/wp-content\/uploads\/2022\/09\/51-scaled.jpg'><img decoding=\"async\" width=\"683\" height=\"1024\" src=\"https:\/\/lrvadvogados.pt\/wp-content\/uploads\/2022\/09\/51-683x1024.jpg\" class=\"attachment-large size-large\" alt=\"\" srcset=\"https:\/\/lrvadvogados.pt\/wp-content\/uploads\/2022\/09\/51-683x1024.jpg 683w, https:\/\/lrvadvogados.pt\/wp-content\/uploads\/2022\/09\/51-200x300.jpg 200w, https:\/\/lrvadvogados.pt\/wp-content\/uploads\/2022\/09\/51-768x1152.jpg 768w, https:\/\/lrvadvogados.pt\/wp-content\/uploads\/2022\/09\/51-1024x1536.jpg 1024w, https:\/\/lrvadvogados.pt\/wp-content\/uploads\/2022\/09\/51-1366x2048.jpg 1366w, https:\/\/lrvadvogados.pt\/wp-content\/uploads\/2022\/09\/51-600x900.jpg 600w, https:\/\/lrvadvogados.pt\/wp-content\/uploads\/2022\/09\/51-scaled.jpg 1707w\" sizes=\"(max-width: 683px) 100vw, 683px\" \/><\/a>\n\t\t<\/div>\n\t\t\t\t\t\t<\/div>\n\t\t\t\t<\/div>\n\t\t\t\t\t<\/div>\n\t\t<\/div>\n\t\t\t\t\t<\/div>\n\t\t<\/section>\n\t\t\t\t<section class=\"elementor-section elementor-top-section elementor-element elementor-element-082913d elementor-section-boxed elementor-section-height-default elementor-section-height-default\" data-id=\"082913d\" data-element_type=\"section\" data-e-type=\"section\">\n\t\t\t\t\t\t<div class=\"elementor-container elementor-column-gap-default\">\n\t\t\t\t\t<div class=\"elementor-column elementor-col-100 elementor-top-column elementor-element elementor-element-7d9cd07\" data-id=\"7d9cd07\" data-element_type=\"column\" data-e-type=\"column\">\n\t\t\t<div class=\"elementor-widget-wrap\">\n\t\t\t\t\t\t\t<\/div>\n\t\t<\/div>\n\t\t\t\t\t<\/div>\n\t\t<\/section>\n\t\t\t\t<\/div>","protected":false},"excerpt":{"rendered":"<p>Rua Augusta 170 a 182 O edif\u00edcio em quest\u00e3o localiza-se sensivelmente a meio do terceiro quarteir\u00e3o a contar do Rossio Processo de Obras de Altera\u00e7\u00e3o e Reabilita\u00e7\u00e3o; Processo de Reconhecimento de Benef\u00edcios Fiscais; Processo de Despejo extrajudicial de inquilinos. &#8220;,&#8221;nextArrow&#8221;:&#8221;&#8220;,&#8221;autoplay&#8221;:false,&#8221;autoplaySpeed&#8221;:5000,&#8221;rtl&#8221;:false}&#8217; dir=&#8221;ltr&#8221;> Adega Gran Cruz Rua Vitor Cordon Rua dos Lagares Rua dos Bacalhoeiros Rua Augusta [&hellip;]<\/p>\n","protected":false},"author":4,"featured_media":1717,"comment_status":"closed","ping_status":"closed","sticky":false,"template":"elementor_header_footer","format":"standard","meta":{"footnotes":""},"categories":[10],"tags":[],"class_list":["post-1716","post","type-post","status-publish","format-standard","has-post-thumbnail","hentry","category-projetos"],"_links":{"self":[{"href":"https:\/\/lrvadvogados.pt\/en\/wp-json\/wp\/v2\/posts\/1716","targetHints":{"allow":["GET"]}}],"collection":[{"href":"https:\/\/lrvadvogados.pt\/en\/wp-json\/wp\/v2\/posts"}],"about":[{"href":"https:\/\/lrvadvogados.pt\/en\/wp-json\/wp\/v2\/types\/post"}],"author":[{"embeddable":true,"href":"https:\/\/lrvadvogados.pt\/en\/wp-json\/wp\/v2\/users\/4"}],"replies":[{"embeddable":true,"href":"https:\/\/lrvadvogados.pt\/en\/wp-json\/wp\/v2\/comments?post=1716"}],"version-history":[{"count":14,"href":"https:\/\/lrvadvogados.pt\/en\/wp-json\/wp\/v2\/posts\/1716\/revisions"}],"predecessor-version":[{"id":2182,"href":"https:\/\/lrvadvogados.pt\/en\/wp-json\/wp\/v2\/posts\/1716\/revisions\/2182"}],"wp:featuredmedia":[{"embeddable":true,"href":"https:\/\/lrvadvogados.pt\/en\/wp-json\/wp\/v2\/media\/1717"}],"wp:attachment":[{"href":"https:\/\/lrvadvogados.pt\/en\/wp-json\/wp\/v2\/media?parent=1716"}],"wp:term":[{"taxonomy":"category","embeddable":true,"href":"https:\/\/lrvadvogados.pt\/en\/wp-json\/wp\/v2\/categories?post=1716"},{"taxonomy":"post_tag","embeddable":true,"href":"https:\/\/lrvadvogados.pt\/en\/wp-json\/wp\/v2\/tags?post=1716"}],"curies":[{"name":"wp","href":"https:\/\/api.w.org\/{rel}","templated":true}]}}